{"id":252,"date":"2016-01-03T15:27:38","date_gmt":"2016-01-03T15:27:38","guid":{"rendered":"https:\/\/www.gavias-theme.com\/wp\/indutri\/?p=252"},"modified":"2024-08-13T14:51:25","modified_gmt":"2024-08-13T11:51:25","slug":"how-nations-around-the-world-are-investing-in-robotics-research","status":"publish","type":"post","link":"https:\/\/maxglobal.com.tr\/?p=252","title":{"rendered":"Uzmanlar: \u0130klim de\u011fi\u015fikli\u011fi kontrolden \u00e7\u0131k\u0131yor, toplum gelecekteki krizlere haz\u0131rlanmal\u0131"},"content":{"rendered":"<p><strong>T\u00fcrkiye<\/strong>\u00a0gibi bir\u00e7ok \u00fclke, giderek artan<strong>\u00a0iklim de\u011fi\u015fikli\u011fi<\/strong>\u00a0etkileri ile daha fazla ba\u015fa \u00e7\u0131kmak zorunda kal\u0131yor. \u00d6zellikle son y\u0131llarda s\u0131k s\u0131k ya\u015fanan \u015fiddetli\u00a0<strong>seller,<\/strong>\u00a0\u00fclkenin iklim de\u011fi\u015fikli\u011finin yaratt\u0131\u011f\u0131 risklere kar\u015f\u0131 ne kadar savunmas\u0131z oldu\u011funu bir kez daha g\u00f6zler \u00f6n\u00fcne seriyor.<\/p>\n<p>Bilim insanlar\u0131, bu de\u011fi\u015fen iklim ko\u015fullar\u0131n\u0131n, T\u00fcrkiye\u2019yi daha fazla<strong>\u00a0a\u015f\u0131r\u0131 hava olay\u0131<\/strong>na maruz b\u0131rakarak sel felaketlerinin s\u0131kl\u0131\u011f\u0131n\u0131 ve \u015fiddetini art\u0131rabilece\u011fi uyar\u0131s\u0131nda bulunuyor. Bu ba\u011flamda, ba\u015fkent\u00a0<strong>Ankara<\/strong>\u00a0ve T\u00fcrkiye\u2019nin en b\u00fcy\u00fck kenti\u00a0<strong>\u0130stanbul<\/strong>\u2019da, k\u00fcresel iklim de\u011fi\u015fikli\u011finin \u015fehir planlamas\u0131 ve kentsel altyap\u0131 \u00fczerindeki etkileri giderek daha belirgin hale geliyor. Ankara ve \u0130stanbul gibi b\u00fcy\u00fck metropoller, de\u011fi\u015fen iklim ko\u015fullar\u0131yla ba\u015fa \u00e7\u0131kabilmek ad\u0131na stratejik \u00f6nlemler almaya zorlan\u0131yor. \u0130klim de\u011fi\u015fikli\u011finin, T\u00fcrkiye\u2019nin bir\u00e7ok b\u00f6lgesinde artan seller ve a\u015f\u0131r\u0131 hava olaylar\u0131yla birlikte kentsel alanlar\u0131 tehdit etti\u011fini belirten \u015fehir planc\u0131lar\u0131, sel y\u00f6netimi ve iklim de\u011fi\u015fikli\u011fine uyum s\u00fcrecinde kent planlamas\u0131n\u0131n kritik rol\u00fcn\u00fc vurgulayarak, gelece\u011fin kentlerini iklim de\u011fi\u015fikli\u011fine kar\u015f\u0131 nas\u0131l haz\u0131rlanabilece\u011fi konusunda uyard\u0131.<\/p>\n<p><img fetchpriority=\"high\" decoding=\"async\" class=\"alignnone size-full wp-image-321527\" src=\"https:\/\/yesilgazete.org\/wp-content\/uploads\/2023\/12\/kavaklidere-1.jpg\" sizes=\"(max-width: 1920px) 100vw, 1920px\" srcset=\"https:\/\/yesilgazete.org\/wp-content\/uploads\/2023\/12\/kavaklidere-1.jpg 1600w, https:\/\/yesilgazete.org\/wp-content\/uploads\/2023\/12\/kavaklidere-1-600x338.jpg 600w\" alt=\"\" width=\"1920\" height=\"1080\" \/><\/p>\n<h4>\u2018\u0130klim de\u011fi\u015fikli\u011fi artarak kontrolden \u00e7\u0131k\u0131yor\u2019<\/h4>\n<p><strong>\u015eehir Planc\u0131lar\u0131 Odas\u0131<\/strong>\u00a0(\u015ePO) Ankara \u015eubesi Kentsel Politika Planlamas\u0131 ve Yerel Y\u00f6netimler Uzman\u0131\u00a0<strong>Dr. Ceren Gamze Ya\u015far<\/strong>\u00a0ile \u015ePO \u0130stanbul \u015eubesi Ba\u015fkan\u0131\u00a0<strong>Pelin P\u0131nar Giritlio\u011flu<\/strong>, k\u00fcresel iklim de\u011fi\u015fikli\u011finin \u015fehir planlamas\u0131 ve kentsel altyap\u0131 \u00fczerindeki etkilerini de\u011ferlendirdi.<\/p>\n<p>\u0130klim krizinin toplumun farkl\u0131 kesimlerini, yerle\u015fimleri ve sekt\u00f6rleri farkl\u0131 \u015fekillerde etkiledi\u011fini vurgulayan\u00a0\u015fehir planc\u0131s\u0131<strong>\u00a0Dr. Ceren Gamze Ya\u015far<\/strong>, bu \u00e7e\u015fitlili\u011fi anlamadan etkili \u00e7\u00f6z\u00fcmler \u00fcretmenin zor oldu\u011funu belirtti. Ya\u015far, t\u00fcm bu sonu\u00e7lar\u0131n \u015fehir planlama ve kentsel altyap\u0131 \u00fcretimi i\u00e7in \u00e7ok asli ve g\u00f6rmezden gelinemeyecek bir hale geldi\u011fini ifade ederek \u015f\u00f6yle devam etti:<\/p>\n<p>\u201cBizim insan faaliyetleri ile d\u00fcnyay\u0131 yo\u011fun bir etki alt\u0131nda b\u0131rakt\u0131\u011f\u0131m\u0131z bu \u00e7a\u011fda (antroposen), bu parametrelerle \u00f6l\u00e7\u00fclen iklim de\u011fi\u015fikli\u011fi artarak kontrolden \u00e7\u0131k\u0131yor ve t\u00fcm bu ya\u015fad\u0131\u011f\u0131m\u0131z ve \u00e7\u00f6zme y\u00f6n\u00fcnde ad\u0131mlar\u0131 atmayarak ya da yetersiz atarak k\u00f6rd\u00fc\u011f\u00fcme \u00e7evirdi\u011fimiz soruna, mekanda, toplumda, ekonomide b\u00fct\u00fcn etkileri ile beraber iklim krizi deniyor.\u201d<\/p>\n<p><img decoding=\"async\" class=\"alignnone size-full wp-image-321529\" src=\"https:\/\/yesilgazete.org\/wp-content\/uploads\/2023\/12\/kavaklidere-3.jpg\" sizes=\"(max-width: 1920px) 100vw, 1920px\" srcset=\"https:\/\/yesilgazete.org\/wp-content\/uploads\/2023\/12\/kavaklidere-3.jpg 1600w, https:\/\/yesilgazete.org\/wp-content\/uploads\/2023\/12\/kavaklidere-3-600x338.jpg 600w\" alt=\"\" width=\"1920\" height=\"1080\" \/><\/p>\n<p><strong>\u0130klim krizi<\/strong>nin \u015fehir planlamas\u0131 ve altyap\u0131 \u00fcretimini nas\u0131l etkiledi\u011fine de\u011finen Ya\u015far, s\u0131cakl\u0131k art\u0131\u015f\u0131n\u0131n, ya\u011f\u0131\u015f rejimindeki de\u011fi\u015fimler ve \u015fiddetli hava olaylar\u0131n\u0131n bu alanda nas\u0131l sorunlara yol a\u00e7t\u0131\u011f\u0131n\u0131 de\u011ferlendirdi. Ya\u015far, \u00f6n\u00fcm\u00fczdeki y\u0131llar\u0131 \u015fekillendirecek planlar\u0131n, \u00e7evre d\u00fczeni ve imar projelerinin, \u015fehir planlamas\u0131n\u0131n iklim krizine uyum sa\u011flama \u00e7abalar\u0131n\u0131n yeni \u00e7\u00f6z\u00fclmesi gereken sorunlar oldu\u011funu g\u00f6sterdi\u011fini belirtti\u011fi de\u011ferlendirmesini \u015f\u00f6yle s\u00fcrd\u00fcrd\u00fc:<\/p>\n<p>\u201cArtan s\u0131kl\u0131kta ya\u015fanan seller \u00f6rne\u011fin, ba\u015fta can g\u00fcvenli\u011fi olmak \u00fczere,\u00a0<strong>halk sa\u011fl\u0131\u011f\u0131 sorunlar\u0131, salg\u0131n hastal\u0131klar, kanalizasyon sistemine a\u015f\u0131r\u0131 y\u00fcklenme<\/strong>\u00a0ve ciddi zararlar,\u00a0<strong>i\u00e7me suyu sisteminde kirlilik<\/strong>\u00a0veya hasar, kat\u0131 at\u0131k y\u00f6netiminde (toplama ve bertaraf) aksakl\u0131klar yaratabiliyor.\u00a0<strong>S\u0131cakl\u0131k art\u0131\u015f\u0131<\/strong>, i\u00e7me suyu veya at\u0131k su ar\u0131tma tesisleri i\u00e7in, kat\u0131 at\u0131k bertaraf tesisleri i\u00e7in ek maliyetler ve ek s\u00fcre\u00e7ler \u00e7\u0131kartabiliyor. Ya\u011f\u0131\u015f rejiminin de\u011fi\u015fmesi, \u00f6rne\u011fin\u00a0<strong>kurakl\u0131k<\/strong>\u00a0ile d\u00fc\u015fen az ya\u011f\u0131\u015f, ya da artan tar\u0131msal sulama ihtiyac\u0131 ile su b\u00fct\u00e7emizin daha da \u00e7o\u011funun tar\u0131msal sulamaya gitmesi, bizim de su t\u00fcketimimizin giderek artmas\u0131, su kay\u0131p ka\u00e7aklar\u0131 ile birle\u015fince b\u00fcy\u00fck\u015fehirler i\u00e7in ciddi su krizleri \u00e7\u0131karabiliyor. Ani geli\u015fen yang\u0131nlar, can kay\u0131plar\u0131n\u0131n ve ciddi do\u011fal alan kay\u0131plar\u0131n\u0131n yan\u0131 s\u0131ra, kentsel veya k\u0131rsal yap\u0131l\u0131 \u00e7evrede yap\u0131 stokuna, altyap\u0131ya b\u00fcy\u00fck zararlar verebiliyor. Ayn\u0131 zamanda, enerji altyap\u0131m\u0131z, \u00f6rne\u011fin<strong>\u00a0termik santraller,<\/strong>\u00a0b\u00f6yle yang\u0131nlarda riski daha da katlayan tehlikelere de d\u00f6n\u00fc\u015f\u00fcyor.\u201d<\/p>\n<p><img decoding=\"async\" class=\"alignnone size-full wp-image-321530\" src=\"https:\/\/yesilgazete.org\/wp-content\/uploads\/2023\/12\/sel-ve-taskinlar-yerlesimler-3.jpg\" sizes=\"(max-width: 1920px) 100vw, 1920px\" srcset=\"https:\/\/yesilgazete.org\/wp-content\/uploads\/2023\/12\/sel-ve-taskinlar-yerlesimler-3.jpg 1600w, https:\/\/yesilgazete.org\/wp-content\/uploads\/2023\/12\/sel-ve-taskinlar-yerlesimler-3-600x338.jpg 600w\" alt=\"\" width=\"1920\" height=\"1080\" \/><\/p>\n<h4>Plans\u0131z yap\u0131la\u015fma kentleri afetlere a\u00e7\u0131k hale getirdi<\/h4>\n<p>Ya\u015far, bu ba\u011flamda, \u015fehir planlamas\u0131n\u0131n sadece g\u00fcnl\u00fck sorunlara de\u011fil, ayn\u0131 zamanda iklim krizinin kal\u0131c\u0131 ve ge\u00e7ici etkilerine kar\u015f\u0131 uzun vadeli \u00e7\u00f6z\u00fcmler de \u00fcretmek durumunda oldu\u011funa dikkat \u00e7ekerek, bug\u00fcn al\u0131nan tedbirlerin, gelecekteki felaketlere kar\u015f\u0131 kentleri haz\u0131rl\u0131kl\u0131 hale getirmekte kritik bir rol oynayaca\u011f\u0131n\u0131 ifade etti.<\/p>\n<p>\u201cBa\u015f\u0131m\u0131za gelen felaketler ile yaratt\u0131\u011f\u0131m\u0131z felaketleri ayr\u0131\u015ft\u0131rmak laz\u0131m\u201d diyerek, iklim krizinin, \u015fiddetli hava olaylar\u0131 ve deniz seviyesindeki y\u00fckselmeler gibi do\u011fal felaketlere neden oldu\u011funu hat\u0131rlatan Ya\u015far, bu felaketleri yaratan plans\u0131z yap\u0131la\u015fman\u0131n getirdi\u011fi sorunlarla kentlerin ciddi afetlere a\u00e7\u0131k hale getirildi\u011fini dile getirdi.<\/p>\n<p><img loading=\"lazy\" decoding=\"async\" class=\"alignnone size-full wp-image-321532\" src=\"https:\/\/yesilgazete.org\/wp-content\/uploads\/2023\/12\/image-2023-12-05-160936.jpg\" sizes=\"(max-width: 1280px) 100vw, 1280px\" srcset=\"https:\/\/yesilgazete.org\/wp-content\/uploads\/2023\/12\/image-2023-12-05-160936.jpg 1280w, https:\/\/yesilgazete.org\/wp-content\/uploads\/2023\/12\/image-2023-12-05-160936-600x338.jpg 600w\" alt=\"\" width=\"1280\" height=\"720\" \/><\/p>\n<p>Dr. Ceren Gamze Ya\u015far, son d\u00f6nemde ya\u015fanan sel felaketlerinin\u00a0<strong>\u0130nebolu<\/strong>\u2019da,\u00a0<strong>\u0130skenderun<\/strong>\u2019da,\u00a0<strong>Urfa<\/strong>\u2019da, \u00e7ok ciddi afetlere d\u00f6n\u00fc\u015fm\u00fc\u015f olmas\u0131n\u0131n plans\u0131zl\u0131\u011f\u0131n pay\u0131n\u0131n b\u00fcy\u00fck oldu\u011funu belirterek iklim krizinin etkilerinin genellikle birbirinden ba\u011f\u0131ms\u0131z ele al\u0131nd\u0131\u011f\u0131 i\u00e7in \u00e7\u00f6z\u00fcm s\u00fcrecinde zorluklar ya\u015fand\u0131\u011f\u0131n\u0131 kaydetti ve ekledi:<\/p>\n<blockquote><p>\u201c\u00dclkede plans\u0131z yap\u0131la\u015fma e\u011filimi, k\u0131sa vadeli \u00e7\u00f6z\u00fcmlere ve sorunlar\u0131 g\u00f6rmezden gelmeye y\u00f6nlendiriyor.\u201d<\/p><\/blockquote>\n<p>Son d\u00f6nemde baz\u0131 \u015fehirlerin, b\u00fct\u00fcnl\u00fckl\u00fc iklim eylem planlar\u0131 ve uyum stratejileri geli\u015ftirmeye \u00e7al\u0131\u015ft\u0131\u011f\u0131n\u0131 belirten Ya\u015far, bu stratejilerin, ancak \u00fcst \u00f6l\u00e7ek planlarla b\u00fct\u00fcnle\u015ftirildi\u011finde etkili olabilece\u011fini ve mevcut mevzuat de\u011fi\u015fikliklerinin ise hen\u00fcz uygulamada belirgin bir ilerleme sa\u011flamad\u0131\u011f\u0131n\u0131 da hat\u0131rlatarak s\u00f6zlerine \u015f\u00f6yle devam etti:<\/p>\n<p>\u201c\u0130klim krizine, sellere, afetlere, ya da iklim krizi ile ilgisiz ama \u00fclkenin asli sorunlar\u0131ndan biri haline gelmi\u015f olan depreme haz\u0131r bir \u015fehrimiz oldu\u011funu d\u00fc\u015f\u00fcnm\u00fcyorum, Mara\u015f depremi sonras\u0131, oradaki ge\u00e7ici bar\u0131nma sorununu bile \u00e7\u00f6zememi\u015f, s\u0131kl\u0131kla sellerin ya\u015fand\u0131\u011f\u0131, d\u00fczensiz konteyn\u0131r kentlerde ya\u015fam s\u00fcrmeye \u00e7al\u0131\u015fan ya da ba\u015fka kentlere g\u00f6\u00e7\u00fcp i\u015f ve konut sorunu ile cebelle\u015fen b\u00fcy\u00fck bir n\u00fcfusa sahibiz, gittikleri kentler de depreme ya da sele haz\u0131r de\u011fil \u00fcstelik. Adaptasyon stratejileri Amerika\u2019y\u0131 yeniden ke\u015ffetmeyi gerektirmiyor, her yere \u00f6zg\u00fc detayl\u0131 \u00e7al\u0131\u015fma ve analiz sonras\u0131, iyi bir planlama, sonras\u0131nda da s\u0131k\u0131 bir uygulama ve daha da s\u0131k\u0131 bir denetlemeyi gerektiriyor. Strateji geli\u015ftirme konusunda pek \u00e7ok \u00e7al\u0131\u015fan meslekta\u015f\u0131m veya benzer meslek gruplar\u0131ndan insan var, ancak uygulama k\u0131sm\u0131 belki bug\u00fcn en \u00e7ok \u00fcst\u00fcnde tart\u0131\u015fmam\u0131z gereken k\u0131s\u0131m.\u201d<\/p>\n<p><img loading=\"lazy\" decoding=\"async\" class=\"alignnone size-full wp-image-321530\" src=\"https:\/\/yesilgazete.org\/wp-content\/uploads\/2023\/12\/sel-ve-taskinlar-yerlesimler-3.jpg\" sizes=\"(max-width: 1600px) 100vw, 1600px\" srcset=\"https:\/\/yesilgazete.org\/wp-content\/uploads\/2023\/12\/sel-ve-taskinlar-yerlesimler-3.jpg 1600w, https:\/\/yesilgazete.org\/wp-content\/uploads\/2023\/12\/sel-ve-taskinlar-yerlesimler-3-600x338.jpg 600w\" alt=\"\" width=\"1600\" height=\"900\" \/><\/p>\n<p>Kentle\u015fme ve n\u00fcfus art\u0131\u015f\u0131n\u0131n beraberinde getirdi\u011fi zorluklarla ba\u015f etmek i\u00e7in s\u00fcrd\u00fcr\u00fclebilir \u015fehir planlamas\u0131n\u0131n \u00f6nemli oldu\u011funu, \u00f6zellikle sel riski ta\u015f\u0131yan b\u00f6lgelerde, iklim de\u011fi\u015fikli\u011fi adaptasyonunu sa\u011flamak ad\u0131na \u015fehir planlamas\u0131nda \u00e7e\u015fitli \u00f6nlemlerin al\u0131nmas\u0131 gerekti\u011fini anlatan Ya\u015far, mevcut durumu detayl\u0131 bir \u015fekilde analiz etmenin ve risk alt\u0131ndaki alanlar\u0131 belirlemenin \u00f6nemli bir ad\u0131m oldu\u011funu ve kenti bir b\u00fct\u00fcn olarak ele alan ve kendi havzas\u0131yla uyumlu bir su y\u00f6netim plan\u0131 olu\u015fturman\u0131n ka\u00e7\u0131n\u0131lmaz oldu\u011funu vurgulad\u0131.<\/p>\n<p>Ya\u015far, bu ba\u011flamda,\u00a0<strong>yeralt\u0131 master planlar\u0131, ya\u011fmur suyu toplama sistemleri<\/strong>\u00a0gibi entegre ve \u00f6zg\u00fcn \u00e7\u00f6z\u00fcmlerle adaptif bir planlama s\u00fcrecinin ba\u015flat\u0131lmas\u0131 gerekti\u011fini belirterek, \u201c<strong>Yerebatan Saray\u0131<\/strong>\u00a0gibi sarn\u0131\u00e7 sistemleri, bize bu i\u015fin bir tek yerele uygun ve \u00f6zg\u00fc ama entegre ve genel kamu yarar\u0131, \u015fehircilik ilkeleri ve planlama esaslar\u0131n\u0131 g\u00f6zeten \u00e7\u00f6z\u00fcmlerle yap\u0131labilece\u011fini s\u00f6yl\u00fcyor. Uyum sa\u011flamak, adaptif bir planlama i\u00e7in \u00e7ok iyi veri toplama, veriyi analiz etme, sentezleme, prensipler ve gereksinimler \u00e7er\u00e7evesinde (ki gereksinimler de bir veri seti do\u011furur) plan \u00fcretme ve s\u0131k\u0131 bi\u00e7imde uygulamay\u0131 gerektirir. Mesele esneklik meselesinden \u00f6te bir planlama, kestirim, veri, analiz, uygulama ve denetleme meselesi olarak ele al\u0131nmal\u0131. Ani geli\u015fen olaylara ani diren\u00e7 ve \u00e7\u00f6z\u00fcm bir aya\u011f\u0131 iken di\u011fer aya\u011f\u0131 bunlar\u0131 yaparken uzun vadede yeni sorun yaratmamak, aksine uzun vadede plan \u00e7\u00f6z\u00fcmlerine katk\u0131 da koymak\u201d diye konu\u015ftu.<\/p>\n<p><img loading=\"lazy\" decoding=\"async\" class=\"alignnone size-full wp-image-321534\" src=\"https:\/\/yesilgazete.org\/wp-content\/uploads\/2023\/12\/image-2023-12-05-161509.jpg\" sizes=\"(max-width: 1280px) 100vw, 1280px\" srcset=\"https:\/\/yesilgazete.org\/wp-content\/uploads\/2023\/12\/image-2023-12-05-161509.jpg 1280w, https:\/\/yesilgazete.org\/wp-content\/uploads\/2023\/12\/image-2023-12-05-161509-600x338.jpg 600w\" alt=\"\" width=\"1280\" height=\"720\" \/><\/p>\n<h4>Afet sonras\u0131 h\u0131zl\u0131 \u00e7\u00f6z\u00fcm \u00fcretme kayg\u0131s\u0131 uzun vadeli planlamay\u0131 ihmal ediyor<\/h4>\n<p>Kentleri, iklim krizinin etkilerine kar\u015f\u0131 ak\u0131ll\u0131 sistemler ve teknolojik yenilikleri entegre ederek daha diren\u00e7li hale getirmenin ve krizlere haz\u0131rlaman\u0131n m\u00fcmk\u00fcn oldu\u011funu s\u00f6yleyen Dr. Ceren Gamze Ya\u015far, iktidar\u0131n uygulad\u0131\u011f\u0131 kent politikalar\u0131n\u0131n sel risklerini azaltma ve altyap\u0131y\u0131 g\u00fc\u00e7lendirme konusundaki yakla\u015f\u0131m\u0131n\u0131 da de\u011ferlendirdi. T\u00fcrkiye\u2019de afetler \u00f6ncesi ve sonras\u0131nda \u015fehir planlamas\u0131nda belirgin bir farkl\u0131la\u015fma g\u00f6zlenmedi\u011fini ve afet sonras\u0131 h\u0131zl\u0131 \u00e7\u00f6z\u00fcm \u00fcretme kayg\u0131s\u0131 uzun vadeli planlamay\u0131 ihmal etti\u011fini belirten Ya\u015far, kentsel d\u00f6n\u00fc\u015f\u00fcm\u00fcn, genellikle plans\u0131z bir bi\u00e7imde ger\u00e7ekle\u015fti\u011fini ve bu durumun, \u00f6nceki afetlerin ard\u0131ndan al\u0131nmayan derslerin, bu afetlerin tekrarlanmas\u0131na sebebiyet verdi\u011fini belirtti.<\/p>\n<p>Dr. Ceren Gamze Ya\u015far, sel risklerini azaltma ve altyap\u0131y\u0131 g\u00fc\u00e7lendirme projelerinin genellikle b\u00fcy\u00fck planlar\u0131n par\u00e7as\u0131 olmaktan uzak, par\u00e7ac\u0131 ve proje bazl\u0131 olarak hayata ge\u00e7irildi\u011fini ifade ederek bu projelerin, aceleye getirilmi\u015f, kaynak k\u0131s\u0131tlamalar\u0131yla m\u00fccadele eden bir yakla\u015f\u0131mla uyguland\u0131\u011f\u0131n\u0131, sorunlar\u0131n \u00e7\u00f6z\u00fcm\u00fc i\u00e7in b\u00fct\u00fcnc\u00fcl bir plan ve s\u0131k\u0131 bir uygulama stratejisi olmadan, par\u00e7ac\u0131 projelerin ve noktasal kararlar\u0131n tek ba\u015f\u0131na yeterli olamayaca\u011f\u0131n\u0131 vurgulad\u0131.<\/p>\n<p><img loading=\"lazy\" decoding=\"async\" class=\"alignnone size-full wp-image-321537\" src=\"https:\/\/yesilgazete.org\/wp-content\/uploads\/2023\/12\/image-2023-12-05-161947.jpg\" sizes=\"(max-width: 1280px) 100vw, 1280px\" srcset=\"https:\/\/yesilgazete.org\/wp-content\/uploads\/2023\/12\/image-2023-12-05-161947.jpg 1280w, https:\/\/yesilgazete.org\/wp-content\/uploads\/2023\/12\/image-2023-12-05-161947-600x338.jpg 600w\" alt=\"\" width=\"1280\" height=\"720\" \/><\/p>\n<p>Ya\u015far, son 20 y\u0131lda Ankara\u2019da artan yap\u0131la\u015fma, y\u0131llar i\u00e7inde \u00fczeri asfalt ile kapat\u0131lm\u0131\u015f ve beton kanallara al\u0131narak kanalizasyon haline getirilmi\u015f 200\u2019\u00fcn \u00fczerinde derenin, \u015fehirdeki sel riskini nas\u0131l etkiledi\u011fini,<strong>\u00a0\u0130ncesu, Ho\u015fdere, Kavakl\u0131dere, Bent Deresi, Akdere<\/strong>\u00a0gibi ismini betonla kapat\u0131lan derelerden alan yerle\u015fim alanlar\u0131nda ya\u015fayan insanlar i\u00e7in sel riskinin nas\u0131l bir tehdit olu\u015fturdu\u011funu anlatt\u0131:<\/p>\n<p>\u201cAlttakini g\u00f6rmezden gelen bu yap\u0131la\u015fma bi\u00e7imimiz, bizi Ankara\u2019da dalg\u0131\u00e7la kurtarma yap\u0131lan altge\u00e7itlere, denizsiz \u015fehirde bo\u011fularak \u00f6len gencecik insanlar\u0131n ya\u015fad\u0131\u011f\u0131 bodrum katlar\u0131na, nehre d\u00f6n\u00fc\u015fen yollara mahkum etmi\u015f durumda. \u0130klim krizinin etkisi yere, yerle\u015fime g\u00f6re de\u011fi\u015fiyor demi\u015ftik, belli ki Ankara\u2019da \u015fiddetli hava olaylar\u0131 ve mevsim normalleri \u00fcst\u00fcnde ya\u011f\u0131\u015flarla b\u00f6yle bir etki yarat\u0131yor. Bu olaylar\u0131n s\u0131kl\u0131\u011f\u0131n\u0131n da artaca\u011f\u0131 kestiriliyor. Bu durumda, geli\u015fkin bir ya\u011fmursuyu toplama sistemi, derelerin tek tek ele al\u0131narak politika geli\u015ftirip uygulanmas\u0131, ge\u00e7irgen y\u00fczeylerin artt\u0131r\u0131lmas\u0131, ya\u011fmur suyu hasad\u0131 gibi alanlara y\u00f6nelmesi yeni yap\u0131lan binalar i\u00e7in zorunlu hale geldi.\u201d<\/p>\n","protected":false},"excerpt":{"rendered":"<p>\u0130klim de\u011fi\u015fikli\u011finin, T\u00fcrkiye&#8217;nin bir\u00e7ok b\u00f6lgesinde artan seller ve a\u015f\u0131r\u0131 hava olaylar\u0131yla birlikte kentsel alanlar\u0131 tehdit etti\u011fini belirten \u015fehir planc\u0131lar\u0131, gelece\u011fin kentlerini iklim de\u011fi\u015fikli\u011fine kar\u015f\u0131 nas\u0131l haz\u0131rlanabilece\u011fi konusunda uyar\u0131da bulundu.<\/p>\n","protected":false},"author":1,"featured_media":11030,"comment_status":"open","ping_status":"open","sticky":false,"template":"","format":"standard","meta":{"footnotes":""},"categories":[1],"tags":[7,10],"class_list":["post-252","post","type-post","status-publish","format-standard","has-post-thumbnail","hentry","category-genel","tag-coworking","tag-space"],"_links":{"self":[{"href":"https:\/\/maxglobal.com.tr\/index.php?rest_route=\/wp\/v2\/posts\/252","targetHints":{"allow":["GET"]}}],"collection":[{"href":"https:\/\/maxglobal.com.tr\/index.php?rest_route=\/wp\/v2\/posts"}],"about":[{"href":"https:\/\/maxglobal.com.tr\/index.php?rest_route=\/wp\/v2\/types\/post"}],"author":[{"embeddable":true,"href":"https:\/\/maxglobal.com.tr\/index.php?rest_route=\/wp\/v2\/users\/1"}],"replies":[{"embeddable":true,"href":"https:\/\/maxglobal.com.tr\/index.php?rest_route=%2Fwp%2Fv2%2Fcomments&post=252"}],"version-history":[{"count":1,"href":"https:\/\/maxglobal.com.tr\/index.php?rest_route=\/wp\/v2\/posts\/252\/revisions"}],"predecessor-version":[{"id":10901,"href":"https:\/\/maxglobal.com.tr\/index.php?rest_route=\/wp\/v2\/posts\/252\/revisions\/10901"}],"wp:featuredmedia":[{"embeddable":true,"href":"https:\/\/maxglobal.com.tr\/index.php?rest_route=\/wp\/v2\/media\/11030"}],"wp:attachment":[{"href":"https:\/\/maxglobal.com.tr\/index.php?rest_route=%2Fwp%2Fv2%2Fmedia&parent=252"}],"wp:term":[{"taxonomy":"category","embeddable":true,"href":"https:\/\/maxglobal.com.tr\/index.php?rest_route=%2Fwp%2Fv2%2Fcategories&post=252"},{"taxonomy":"post_tag","embeddable":true,"href":"https:\/\/maxglobal.com.tr\/index.php?rest_route=%2Fwp%2Fv2%2Ftags&post=252"}],"curies":[{"name":"wp","href":"https:\/\/api.w.org\/{rel}","templated":true}]}}